{"@context":"https:\/\/schema.org\/","@type":"CollectionPage","@id":"https:\/\/www.abiti.cz\/cestovani\/#CollectionPage","headline":"Cestov\u00e1n\u00ed\r Category","description":"","url":"https:\/\/www.abiti.cz\/cestovani\/","hasPart":[{"@type":"Article","@id":"https:\/\/www.abiti.cz\/gastroturistou-ve-spanelsku\/","headline":"Gastroturistou ve \u0160pan\u011blsku","url":"https:\/\/www.abiti.cz\/gastroturistou-ve-spanelsku\/","datePublished":"2018-09-19","dateModified":"2023-05-19","mainEntityOfPage":"https:\/\/www.abiti.cz\/gastroturistou-ve-spanelsku\/","author":{"@type":"Person","@id":"https:\/\/www.abiti.cz\/author\/#Person","name":"","url":"https:\/\/www.abiti.cz\/author\/","identifier":1,"image":{"@type":"ImageObject","@id":"https:\/\/secure.gravatar.com\/avatar\/a414941ff2b86a79f1a70a433f21d60df00047fefe742a46b6fded139881a475?s=96&d=mm&r=g","url":"https:\/\/secure.gravatar.com\/avatar\/a414941ff2b86a79f1a70a433f21d60df00047fefe742a46b6fded139881a475?s=96&d=mm&r=g","height":96,"width":96}},"publisher":{"@type":"Organization","name":"abiti.cz","logo":{"@type":"ImageObject","@id":"\/logo.png","url":"\/logo.png","width":600,"height":60}},"image":{"@type":"ImageObject","@id":"https:\/\/www.abiti.cz\/wp-content\/uploads\/img_a330095_w2749_t1542656757.jpg","url":"https:\/\/www.abiti.cz\/wp-content\/uploads\/img_a330095_w2749_t1542656757.jpg","height":0,"width":0},"keywords":null},{"@type":"Article","@id":"https:\/\/www.abiti.cz\/vymente-stavajici-zarivkova-svetla-za-moderni-a-uspornejsi-led-panely\/","headline":"Vym\u011b\u0148te st\u00e1vaj\u00edc\u00ed z\u00e1\u0159ivkov\u00e1 sv\u011btla za modern\u00ed a \u00fasporn\u011bj\u0161\u00ed LED panely","url":"https:\/\/www.abiti.cz\/vymente-stavajici-zarivkova-svetla-za-moderni-a-uspornejsi-led-panely\/","datePublished":"2018-03-22","dateModified":"2023-05-19","mainEntityOfPage":"https:\/\/www.abiti.cz\/vymente-stavajici-zarivkova-svetla-za-moderni-a-uspornejsi-led-panely\/","author":{"@type":"Person","@id":"https:\/\/www.abiti.cz\/author\/#Person","name":"","url":"https:\/\/www.abiti.cz\/author\/","identifier":1,"image":{"@type":"ImageObject","@id":"https:\/\/secure.gravatar.com\/avatar\/a414941ff2b86a79f1a70a433f21d60df00047fefe742a46b6fded139881a475?s=96&d=mm&r=g","url":"https:\/\/secure.gravatar.com\/avatar\/a414941ff2b86a79f1a70a433f21d60df00047fefe742a46b6fded139881a475?s=96&d=mm&r=g","height":96,"width":96}},"publisher":{"@type":"Organization","name":"abiti.cz","logo":{"@type":"ImageObject","@id":"\/logo.png","url":"\/logo.png","width":600,"height":60}},"image":{"@type":"ImageObject","@id":"https:\/\/www.abiti.cz\/wp-content\/uploads\/img_a315488_w2259_t1526325334.jpg","url":"https:\/\/www.abiti.cz\/wp-content\/uploads\/img_a315488_w2259_t1526325334.jpg","height":0,"width":0},"keywords":null},{"@type":"Article","@id":"https:\/\/www.abiti.cz\/v-zime-za-teplem-a-exotikou\/","headline":"V zim\u011b za teplem a exotikou","url":"https:\/\/www.abiti.cz\/v-zime-za-teplem-a-exotikou\/","datePublished":"2018-01-12","dateModified":"2023-05-19","mainEntityOfPage":"https:\/\/www.abiti.cz\/v-zime-za-teplem-a-exotikou\/","author":{"@type":"Person","@id":"https:\/\/www.abiti.cz\/author\/#Person","name":"","url":"https:\/\/www.abiti.cz\/author\/","identifier":1,"image":{"@type":"ImageObject","@id":"https:\/\/secure.gravatar.com\/avatar\/a414941ff2b86a79f1a70a433f21d60df00047fefe742a46b6fded139881a475?s=96&d=mm&r=g","url":"https:\/\/secure.gravatar.com\/avatar\/a414941ff2b86a79f1a70a433f21d60df00047fefe742a46b6fded139881a475?s=96&d=mm&r=g","height":96,"width":96}},"publisher":{"@type":"Organization","name":"abiti.cz","logo":{"@type":"ImageObject","@id":"\/logo.png","url":"\/logo.png","width":600,"height":60}},"image":{"@type":"ImageObject","@id":"https:\/\/www.abiti.cz\/wp-content\/uploads\/img_a309786_w1960_t1520841379.jpg","url":"https:\/\/www.abiti.cz\/wp-content\/uploads\/img_a309786_w1960_t1520841379.jpg","height":0,"width":0},"keywords":null}]}