[{"@context":"https:\/\/schema.org\/","@type":"Article","@id":"https:\/\/www.abiti.cz\/i-pro-deti\/#Article","mainEntityOfPage":"https:\/\/www.abiti.cz\/i-pro-deti\/","headline":"I pro d\u011bti","name":"I pro d\u011bti","description":"Za\u0159izov\u00e1n\u00ed nov\u00e9ho bydlen\u00ed je kr\u00e1sn\u00e1 a radostn\u00e1 v\u011bc pro ty, kte\u0159\u00ed maj\u00ed jasnou p\u0159edstavu o tom, jak jejich domov bude vypadat a tak\u00e9 pro ty, kte\u0159\u00ed opl\u00fdvaj\u00ed dostatkem finan\u010dn\u00edch zdroj\u016f. Po\u0159\u00eddit do cel\u00e9ho domu n\u00e1bytek a hlavn\u011b sk\u0159\u00edn\u011b, je pro n\u011bkoho hotov\u00e9 mart\u00fdrium. Nejd\u0159\u00edve si v klidu srovnejte, kde se \u00falo\u017en\u00e9 sk\u0159\u00ed\u0148ov\u00e9 prostory budou nach\u00e1zet [&hellip;]","datePublished":"2025-01-25","dateModified":"2025-01-25","author":{"@type":"Person","@id":"https:\/\/www.abiti.cz\/author\/#Person","name":"","url":"https:\/\/www.abiti.cz\/author\/","identifier":1,"image":{"@type":"ImageObject","@id":"https:\/\/secure.gravatar.com\/avatar\/a414941ff2b86a79f1a70a433f21d60df00047fefe742a46b6fded139881a475?s=96&d=mm&r=g","url":"https:\/\/secure.gravatar.com\/avatar\/a414941ff2b86a79f1a70a433f21d60df00047fefe742a46b6fded139881a475?s=96&d=mm&r=g","height":96,"width":96}},"publisher":{"@type":"Organization","name":"abiti.cz","logo":{"@type":"ImageObject","@id":"\/logo.png","url":"\/logo.png","width":600,"height":60}},"url":"https:\/\/www.abiti.cz\/i-pro-deti\/","wordCount":166,"articleBody":"Za\u0159izov\u00e1n\u00ed nov\u00e9ho bydlen\u00ed je kr\u00e1sn\u00e1 a radostn\u00e1 v\u011bc pro ty, kte\u0159\u00ed maj\u00ed jasnou p\u0159edstavu o tom, jak jejich domov bude vypadat a tak\u00e9 pro ty, kte\u0159\u00ed opl\u00fdvaj\u00ed dostatkem finan\u010dn\u00edch zdroj\u016f. Po\u0159\u00eddit do cel\u00e9ho domu n\u00e1bytek a hlavn\u011b sk\u0159\u00edn\u011b, je pro n\u011bkoho hotov\u00e9 mart\u00fdrium. Nejd\u0159\u00edve si v klidu srovnejte, kde se \u00falo\u017en\u00e9 sk\u0159\u00ed\u0148ov\u00e9 prostory budou nach\u00e1zet a kolik jich vlastn\u011b budete pot\u0159ebovat. Tak\u00e9 vyberte, kde m\u016f\u017ee st\u00e1t klasick\u00e1 sk\u0159\u00ed\u0148 a kam pot\u0159ebujete sk\u0159\u00edn\u011b vestav\u011bt. Dejte na rady bytov\u00e9ho architekta \u00dakoly to jsou skute\u010dn\u011b nez\u00e1vid\u011bn\u00edhodn\u00e9, ale s dobr\u00fdm poradcem se d\u00e1 v\u0161e zvl\u00e1dnout lehce. Pokud m\u00e1te nedostate\u010dnou p\u0159edstavivost, nechte si zpracovat tak\u00e9 3D n\u00e1vrhy, aby k um\u00edst\u011bn\u00ed ka\u017ed\u00e9 sk\u0159\u00edn\u011b do\u0161lo po zral\u00e9 \u00favaze a p\u0159esn\u011b podle va\u0161ich po\u017eadavk\u016f a p\u0159\u00e1n\u00ed.                                                                                                                                                                                                                                                                                                                                                                                        4.7\/5 - (3 votes)        "},{"@context":"https:\/\/schema.org\/","@type":"BreadcrumbList","itemListElement":[{"@type":"ListItem","position":1,"name":"I pro d\u011bti","item":"https:\/\/www.abiti.cz\/i-pro-deti\/#breadcrumbitem"}]}]