[{"@context":"https:\/\/schema.org\/","@type":"Article","@id":"https:\/\/www.abiti.cz\/komfortni-vybaveni-nabytkem\/#Article","mainEntityOfPage":"https:\/\/www.abiti.cz\/komfortni-vybaveni-nabytkem\/","headline":"Komfortn\u00ed vybaven\u00ed n\u00e1bytkem","name":"Komfortn\u00ed vybaven\u00ed n\u00e1bytkem","description":"U\u017e jste n\u011bkdy sly\u0161eli o mobiln\u00edch domech? Sly\u0161eli, ale p\u0159esto v\u00e1s nezaujali? M\u011bli jste pocit, \u017ee se nejedn\u00e1 o plnohodnotn\u00e9 bydlen\u00ed ale \u017ee jsou vhodn\u00e9 tak maxim\u00e1ln\u011b jako letn\u00ed chatka n\u011bkam k vod\u011b? Ale to ur\u010dit\u011b nen\u00ed pravda a my v\u00e1s o tom r\u00e1di p\u0159esv\u011bd\u010d\u00edme. Soci\u00e1ln\u00ed za\u0159\u00edzen\u00ed Mobiln\u00ed domy dok\u00e1\u017eou poskytnout ve\u0161ker\u00fd komfort k bydlen\u00ed [&hellip;]","datePublished":"2025-01-03","dateModified":"2025-01-03","author":{"@type":"Person","@id":"https:\/\/www.abiti.cz\/author\/#Person","name":"","url":"https:\/\/www.abiti.cz\/author\/","identifier":1,"image":{"@type":"ImageObject","@id":"https:\/\/secure.gravatar.com\/avatar\/a414941ff2b86a79f1a70a433f21d60df00047fefe742a46b6fded139881a475?s=96&d=mm&r=g","url":"https:\/\/secure.gravatar.com\/avatar\/a414941ff2b86a79f1a70a433f21d60df00047fefe742a46b6fded139881a475?s=96&d=mm&r=g","height":96,"width":96}},"publisher":{"@type":"Organization","name":"abiti.cz","logo":{"@type":"ImageObject","@id":"\/logo.png","url":"\/logo.png","width":600,"height":60}},"url":"https:\/\/www.abiti.cz\/komfortni-vybaveni-nabytkem\/","wordCount":181,"articleBody":"U\u017e jste n\u011bkdy sly\u0161eli o mobiln\u00edch domech? Sly\u0161eli, ale p\u0159esto v\u00e1s nezaujali? M\u011bli jste pocit, \u017ee se nejedn\u00e1 o plnohodnotn\u00e9 bydlen\u00ed ale \u017ee jsou vhodn\u00e9 tak maxim\u00e1ln\u011b jako letn\u00ed chatka n\u011bkam k vod\u011b? Ale to ur\u010dit\u011b nen\u00ed pravda a my v\u00e1s o tom r\u00e1di p\u0159esv\u011bd\u010d\u00edme. Soci\u00e1ln\u00ed za\u0159\u00edzen\u00ed Mobiln\u00ed domy dok\u00e1\u017eou poskytnout ve\u0161ker\u00fd komfort k bydlen\u00ed pro celou rodinu i pro jednotlivce. P\u0159esn\u011b takov\u00fd komfort na jak\u00fd jste zvykl\u00ed ze sv\u00e9ho bytu nebo jin\u00e9ho bydlen\u00ed. Je mo\u017en\u00e9 je zateplit, je mo\u017en\u00e9 je opat\u0159it dvojit\u00fdmi okny a upravit topen\u00ed tak, aby bylo mo\u017en\u00e9 je u\u017e\u00edvat celoro\u010dn\u011b. Je to skv\u011bl\u00e1 mo\u017enost bydlen\u00ed pro mlad\u00e9 rodiny, je to skv\u011bl\u00e1 mo\u017enost bydlen\u00ed pro ka\u017ed\u00e9ho, kdo nechce m\u00edt vysokou hypot\u00e9ku na cel\u00fd \u017eivot. Zavolejte n\u00e1m a zjist\u011bte si v\u00edce informac\u00ed, jsme p\u0159esv\u011bd\u010deni, \u017ee se v\u00e1m toto \u0159e\u0161en\u00ed za\u010dne zamlouvat.                                                                                                                                                                                                                                                                                                                                                                                        4\/5 - (2 votes)        "},{"@context":"https:\/\/schema.org\/","@type":"BreadcrumbList","itemListElement":[{"@type":"ListItem","position":1,"name":"Komfortn\u00ed vybaven\u00ed n\u00e1bytkem","item":"https:\/\/www.abiti.cz\/komfortni-vybaveni-nabytkem\/#breadcrumbitem"}]}]