[{"@context":"https:\/\/schema.org\/","@type":"Article","@id":"https:\/\/www.abiti.cz\/konferencni-stolky-prave-pro-vas\/#Article","mainEntityOfPage":"https:\/\/www.abiti.cz\/konferencni-stolky-prave-pro-vas\/","headline":"Konferen\u010dn\u00ed stolky pr\u00e1v\u011b pro v\u00e1s","name":"Konferen\u010dn\u00ed stolky pr\u00e1v\u011b pro v\u00e1s","description":"Ka\u017ed\u00fd z v\u00e1s chce aby to u n\u011bho doma vypadalo modern\u011b a kr\u00e1sn\u011b. A ur\u010dit\u011b ka\u017ed\u00fd z v\u00e1s m\u00e1 nebo chce m\u00edt doma konferen\u010dn\u00ed stolek. Pokud si teprve chcete n\u011bjak\u00fd sehnat m\u016f\u017eeme v\u00e1m v\u0159ele doporu\u010dit konferen\u010dn\u00ed stolek Furniture. Jejich konferen\u010dn\u00ed stolky jsou 100% ru\u010dn\u00ed pr\u00e1ce se \u0161pi\u010dkovou kvalitou, tak\u017ee pokud pat\u0159\u00edte mezi milovn\u00edky p\u0159\u00edrodn\u00edho materi\u00e1lu [&hellip;]","datePublished":"2021-12-27","dateModified":"2023-05-19","author":{"@type":"Person","@id":"https:\/\/www.abiti.cz\/author\/#Person","name":"","url":"https:\/\/www.abiti.cz\/author\/","identifier":1,"image":{"@type":"ImageObject","@id":"https:\/\/secure.gravatar.com\/avatar\/a414941ff2b86a79f1a70a433f21d60df00047fefe742a46b6fded139881a475?s=96&d=mm&r=g","url":"https:\/\/secure.gravatar.com\/avatar\/a414941ff2b86a79f1a70a433f21d60df00047fefe742a46b6fded139881a475?s=96&d=mm&r=g","height":96,"width":96}},"publisher":{"@type":"Organization","name":"abiti.cz","logo":{"@type":"ImageObject","@id":"\/logo.png","url":"\/logo.png","width":600,"height":60}},"image":{"@type":"ImageObject","@id":"https:\/\/www.abiti.cz\/wp-content\/uploads\/konferen%C4%8Dn%C3%AD.png","url":"https:\/\/www.abiti.cz\/wp-content\/uploads\/konferen%C4%8Dn%C3%AD.png","height":0,"width":0},"url":"https:\/\/www.abiti.cz\/konferencni-stolky-prave-pro-vas\/","about":["Zbo\u017e\u00ed"],"wordCount":416,"articleBody":"    Ka\u017ed\u00fd z v\u00e1s chce aby to u n\u011bho doma vypadalo modern\u011b a kr\u00e1sn\u011b. A ur\u010dit\u011b ka\u017ed\u00fd z v\u00e1s m\u00e1 nebo chce m\u00edt doma konferen\u010dn\u00ed stolek. Pokud si teprve chcete n\u011bjak\u00fd sehnat m\u016f\u017eeme v\u00e1m v\u0159ele doporu\u010dit konferen\u010dn\u00ed stolek Furniture. Jejich konferen\u010dn\u00ed stolky jsou 100% ru\u010dn\u00ed pr\u00e1ce se \u0161pi\u010dkovou kvalitou, tak\u017ee pokud pat\u0159\u00edte mezi milovn\u00edky p\u0159\u00edrodn\u00edho materi\u00e1lu jsou tyto stolky ur\u010den\u00e9 p\u0159\u00edmo pro v\u00e1s, Jejich stolky si m\u016f\u017eete vybrat podle velikosti ale i podle odst\u00ednu a barvy d\u0159eva. Maj\u00ed jak sv\u011btl\u00e9 tak i tmav\u00e9 barvy a odst\u00edny, tak\u017ee nemus\u00edte m\u00edt strach \u017ee by se to do va\u0161eho kr\u00e1lovstv\u00ed nehodilo. Pokud se v\u00e1m i tak nebude \u017e\u00e1dn\u00fd l\u00edbit m\u016f\u017eete si nechat vyrobit stolek podle va\u0161ich rozm\u011br\u016f a p\u0159edstav. M\u00e1te na v\u00fdb\u011br ze stolk\u016f s ukl\u00e1dac\u00ed plochou, se z\u00e1suvkami ale i bez jak\u00e9hokoliv prvku. Jejich konferen\u010dn\u00ed stolky jsou vyr\u00e1b\u011bny v Indii. A v \u017e\u00e1dn\u00e9m p\u0159\u00edpad\u011b se nemus\u00edte b\u00e1t \u017ee by to byl n\u011bjak\u00fd \u0161unt, proto\u017ee jejich v\u00fdrobci jsou ov\u011b\u0159eni dlouholetou prax\u00ed pro ru\u010dn\u00ed pr\u00e1ce a pro luxusn\u00ed kvalitu. Tak\u017ee m\u016f\u017eeme zaru\u010dit \u017ee budete na 100% spokojen\u00ed. Tyto konferen\u010dn\u00ed stolky naprosto rozz\u00e1\u0159\u00ed va\u0161e obydl\u00ed. A nejenom obydl\u00ed ale m\u016f\u017eete si ho po\u0159\u00eddit nap\u0159\u00edklad do va\u0159\u00ed kancel\u00e1\u0159e a ud\u011blat j\u00ed tak \u00fatuln\u011bj\u0161\u00ed.Najdete tam jak klasick\u00e9 konferen\u010dn\u00ed stolky do ob\u00fdvac\u00edho pokoje tak i no\u010dn\u00ed stolky z masivu s ukl\u00e1dac\u00ed plochou. Tyto stolky se tedy hod\u00ed do ob\u00fdvac\u00edho pokoje, do lo\u017enice, do kancel\u00e1\u0159e, do hotelov\u00fdch pokoj\u016f ale i na chodbu \u010di p\u0159eds\u00ed\u0148.Se\u017eenete je od 2 790 K\u010d do 35 000 K\u010d. A skoro u v\u0161e stolk\u016f m\u00e1te dopravu zdarma tak\u017ee nemus\u00edte \u0159e\u0161it kolik budete p\u0159ipl\u00e1cet za dopravu. Rozm\u011bry stolk\u016f jsou \u0160\u00ed\u0159ka 40 &#8211; 150 cmHloubka 42 &#8211; 110 cmV\u00fd\u0161ka 35- 60 cm 80&#215;8040x40x4045x40x4545x45x4045x45x5050x40x5050x60x5060x60x4085x85x35100x45x45110x45x60 A n\u011bkolik dal\u0161\u00edch Tvary konferen\u010dn\u00edch stolk\u016f jsou Kulat\u00fd, Obd\u00e9ln\u00edk a \u010ctverec Nej\u010dast\u011bj\u0161\u00ed odst\u00edny &#8211; Light honey, Light Walnut, Natural, Only Stain, Two Tone, Super Natur\u00e1l a Mango                                                                                                                                                                                                                                                                                                                                                                                                  "},{"@context":"https:\/\/schema.org\/","@type":"BreadcrumbList","itemListElement":[{"@type":"ListItem","position":1,"name":"Konferen\u010dn\u00ed stolky pr\u00e1v\u011b pro v\u00e1s","item":"https:\/\/www.abiti.cz\/konferencni-stolky-prave-pro-vas\/#breadcrumbitem"}]}]