[{"@context":"https:\/\/schema.org\/","@type":"Article","@id":"https:\/\/www.abiti.cz\/krasny-elegantni-vzdusny-i-prostorny-mobilni-dum\/#Article","mainEntityOfPage":"https:\/\/www.abiti.cz\/krasny-elegantni-vzdusny-i-prostorny-mobilni-dum\/","headline":"Kr\u00e1sn\u00fd, elegantn\u00ed, vzdu\u0161n\u00fd i prostorn\u00fd mobiln\u00ed d\u016fm","name":"Kr\u00e1sn\u00fd, elegantn\u00ed, vzdu\u0161n\u00fd i prostorn\u00fd mobiln\u00ed d\u016fm","description":"Jak by se mobiln\u00ed d\u016fm dal popsat p\u00e1r slovy? Jako hezk\u00fd a vkusn\u00fd? Nebo naopak jako velice levn\u00fd s n\u00edzk\u00fdmi m\u011bs\u00ed\u010dn\u00edmi n\u00e1klady? Ano, oboj\u00ed by bylo samoz\u0159ejm\u011b spr\u00e1vn\u011b, ale ka\u017ed\u00fd k tomu mus\u00ed p\u0159ihl\u00e9dnout sv\u00fdm \u201eokem\u201c. V dne\u0161n\u00ed dob\u011b jsou v\u0161ak tyto objekty stav\u011bny velice elegantn\u011b a tak vypadaj\u00ed l\u00edbiv\u011b jak zvenku, tak \u00fatuln\u011b a [&hellip;]","datePublished":"2021-10-06","dateModified":"2023-05-19","author":{"@type":"Person","@id":"https:\/\/www.abiti.cz\/author\/#Person","name":"","url":"https:\/\/www.abiti.cz\/author\/","identifier":1,"image":{"@type":"ImageObject","@id":"https:\/\/secure.gravatar.com\/avatar\/a414941ff2b86a79f1a70a433f21d60df00047fefe742a46b6fded139881a475?s=96&d=mm&r=g","url":"https:\/\/secure.gravatar.com\/avatar\/a414941ff2b86a79f1a70a433f21d60df00047fefe742a46b6fded139881a475?s=96&d=mm&r=g","height":96,"width":96}},"publisher":{"@type":"Organization","name":"abiti.cz","logo":{"@type":"ImageObject","@id":"\/logo.png","url":"\/logo.png","width":600,"height":60}},"image":{"@type":"ImageObject","@id":"https:\/\/www.abiti.cz\/wp-content\/uploads\/domov.jpg","url":"https:\/\/www.abiti.cz\/wp-content\/uploads\/domov.jpg","height":0,"width":0},"url":"https:\/\/www.abiti.cz\/krasny-elegantni-vzdusny-i-prostorny-mobilni-dum\/","about":["D\u016fm a byt"],"wordCount":398,"articleBody":"   Jak by se mobiln\u00ed d\u016fm dal popsat p\u00e1r slovy? Jako hezk\u00fd a vkusn\u00fd? Nebo naopak jako velice levn\u00fd s n\u00edzk\u00fdmi m\u011bs\u00ed\u010dn\u00edmi n\u00e1klady? Ano, oboj\u00ed by bylo samoz\u0159ejm\u011b spr\u00e1vn\u011b, ale ka\u017ed\u00fd k tomu mus\u00ed p\u0159ihl\u00e9dnout sv\u00fdm \u201eokem\u201c. V dne\u0161n\u00ed dob\u011b jsou v\u0161ak tyto objekty stav\u011bny velice elegantn\u011b a tak vypadaj\u00ed l\u00edbiv\u011b jak zvenku, tak \u00fatuln\u011b a modern\u011b uvnit\u0159.P\u0159\u00edkladem je i typ Lavaro House Diana Mirror https:\/\/www.lavarohouse.cz\/mobilheimy\/-1045\/.Objekt je celoro\u010dn\u00ed, co\u017e si klienti v posledn\u00ed dob\u011b velice \u017e\u00e1daj\u00ed. Cht\u011bj\u00ed v t\u011bchto domech toti\u017e bydlet natrvalo jako v klasick\u00fdch zd\u011bn\u00fdch a nav\u00edc se zbyte\u010dn\u011b necht\u011bj\u00ed zat\u011b\u017eovat starostmi s v\u00fdstavbou domu nebo s vybaven\u00edm \u010di s n\u011b\u010d\u00edm podobn\u00fdm a tak si koup\u00ed dome\u010dek u\u017e hotov\u00fd, kter\u00fd jim jenom p\u0159ivezou na parcelu a mohou bydlet. V n\u011b\u010dem to rozhodn\u011b m\u00e1 sv\u00e9 kouzlo.Rozloha 48 metr\u016f \u010dtvere\u010dn\u00edch se v\u00e1m m\u016f\u017ee zd\u00e1t men\u0161\u00ed, ale uvnit\u0159 se alespo\u0148 c\u00edt\u00edme p\u0159\u00edjemn\u011b a \u00fatuln\u011b. Nebudeme kolem sebe shroma\u017e\u010fovat tis\u00edc p\u0159ebyte\u010dn\u00fdch v\u011bc\u00ed a proto i u\u0161et\u0159\u00edme. Po\u0159\u00edd\u00edme si p\u00e1r z\u00e1kladn\u00edch ale opravdu vkusn\u00fdch dopl\u0148k\u016f a m\u00e1me \u201evyhr\u00e1no\u201c.Do dvou pokoj\u016f se velice ladn\u011b a snadno vejde ob\u00fdvac\u00ed pokoj s kr\u00e1sn\u00fdm a velice modern\u00edm kuchy\u0148sk\u00fdm koutem a samoz\u0159ejm\u011b tak\u00e9 lo\u017enice. D\u00e1le zde najdete koupelnu se sprchov\u00fdm koutem, wc, umyvadlo, bojler, pra\u010dka. Vybaven\u00ed za\u010dle\u0148uje kompletn\u011b v\u0161e v\u010detn\u011b sk\u0159\u00edn\u011b, postele, pohovky. Topen\u00ed je \u0159e\u0161eno elektricky.Kombinace b\u00edl\u00e9 barvy a d\u0159eva vypad\u00e1 naprosto skvostn\u011b. T\u00fdk\u00e1 se ve\u0161ker\u00e9ho vnit\u0159n\u00edho vybaven\u00ed, kuchyn\u011b i ob\u00fdvac\u00edho pokoje. V\u0161echno spole\u010dn\u011b dohromady n\u00e1dhern\u011b lad\u00ed a dotv\u00e1\u0159\u00ed tak kr\u00e1sn\u00fd design cel\u00e9ho objektu. Jakmile poprv\u00e9 vstoup\u00edte, tak si takov\u00fd d\u016fm obl\u00edb\u00edte a to ani nev\u00edte, \u017ee je velice levn\u00fd a celkov\u00e9 po\u0159izovac\u00ed n\u00e1klady jsou opravdu n\u00edzk\u00e9.Ka\u017ed\u00fd objekt je \u0159\u00e1dn\u011b zateplen\u00fd, v tomto p\u0159\u00edpad\u011b se jedn\u00e1 o 130 mm siln\u00e9 vrstvy izola\u010dn\u00ed p\u011bny. Venkovn\u00ed strana je oblo\u017eena \u0161edivou fas\u00e1dou.                                                                                                                                                                                                                                                                                                                                                                                          4.7\/5 - (13 votes)        "},{"@context":"https:\/\/schema.org\/","@type":"BreadcrumbList","itemListElement":[{"@type":"ListItem","position":1,"name":"Kr\u00e1sn\u00fd, elegantn\u00ed, vzdu\u0161n\u00fd i prostorn\u00fd mobiln\u00ed d\u016fm","item":"https:\/\/www.abiti.cz\/krasny-elegantni-vzdusny-i-prostorny-mobilni-dum\/#breadcrumbitem"}]}]