[{"@context":"https:\/\/schema.org\/","@type":"Article","@id":"https:\/\/www.abiti.cz\/nevsedni-zazitky-z-oslavy-narozenin\/#Article","mainEntityOfPage":"https:\/\/www.abiti.cz\/nevsedni-zazitky-z-oslavy-narozenin\/","headline":"Nev\u0161edn\u00ed z\u00e1\u017eitky z oslavy narozenin","name":"Nev\u0161edn\u00ed z\u00e1\u017eitky z oslavy narozenin","description":"P\u0159em\u00fd\u0161l\u00edte, jak ozvl\u00e1\u0161tnit oslavu narozenin Va\u0161eho d\u00edt\u011bte, ud\u011blat mu radost a p\u0159ipravit nezapomenutelnou pod\u00edvanou? M\u00e1me pro V\u00e1s skv\u011bl\u00fd tip. Pozv\u011bte profesion\u00e1ln\u00edho kouzeln\u00edka, kter\u00fd ud\u011bl\u00e1 z Va\u0161\u00ed nudn\u00e9 oslavy nev\u0161edn\u00ed z\u00e1\u017eitek, na kter\u00fd jen tak nezapomenete. Vy i Va\u0161e d\u011bti se \u00fa\u017easn\u011b pobav\u00edte a tak\u00e9 budete m\u00edt spoustu kr\u00e1sn\u00fdch fotek do rodinn\u00e9ho alba. Program pro Va\u0161e [&hellip;]","datePublished":"2024-11-30","dateModified":"2024-11-30","author":{"@type":"Person","@id":"https:\/\/www.abiti.cz\/author\/#Person","name":"","url":"https:\/\/www.abiti.cz\/author\/","identifier":1,"image":{"@type":"ImageObject","@id":"https:\/\/secure.gravatar.com\/avatar\/a414941ff2b86a79f1a70a433f21d60df00047fefe742a46b6fded139881a475?s=96&d=mm&r=g","url":"https:\/\/secure.gravatar.com\/avatar\/a414941ff2b86a79f1a70a433f21d60df00047fefe742a46b6fded139881a475?s=96&d=mm&r=g","height":96,"width":96}},"publisher":{"@type":"Organization","name":"abiti.cz","logo":{"@type":"ImageObject","@id":"\/logo.png","url":"\/logo.png","width":600,"height":60}},"url":"https:\/\/www.abiti.cz\/nevsedni-zazitky-z-oslavy-narozenin\/","wordCount":167,"articleBody":" P\u0159em\u00fd\u0161l\u00edte, jak ozvl\u00e1\u0161tnit oslavu narozenin Va\u0161eho d\u00edt\u011bte, ud\u011blat mu radost a p\u0159ipravit nezapomenutelnou pod\u00edvanou? M\u00e1me pro V\u00e1s skv\u011bl\u00fd tip. Pozv\u011bte profesion\u00e1ln\u00edho kouzeln\u00edka, kter\u00fd ud\u011bl\u00e1 z Va\u0161\u00ed nudn\u00e9 oslavy nev\u0161edn\u00ed z\u00e1\u017eitek, na kter\u00fd jen tak nezapomenete. Vy i Va\u0161e d\u011bti se \u00fa\u017easn\u011b pobav\u00edte a tak\u00e9 budete m\u00edt spoustu kr\u00e1sn\u00fdch fotek do rodinn\u00e9ho alba. Program pro Va\u0161e ratolesti Bl\u00ed\u017e\u00ed se narozeniny Va\u0161eho mal\u00e9ho syna \u010di dcery a Vy st\u00e1le nem\u00e1te program na jejich p\u00e1rty? Zapome\u0148te na v\u0161echna ta amat\u00e9rsk\u00e1 \u010d\u00edsla Va\u0161ich zn\u00e1m\u00fdch a nepoveden\u00e9 sc\u00e9nky Va\u0161ich kamar\u00e1d\u016f. Zkuste tentokr\u00e1t vsadit na profesion\u00e1la a uvid\u00edte, \u017ee \u00fasp\u011bch bude zaru\u010den. \u00dasm\u011bv a radost Va\u0161ich ratolest\u00ed jsou p\u0159eci to nejd\u016fle\u017eit\u011bj\u0161\u00ed. Va\u0161e d\u011bti budou nad\u0161en\u00e9.                                                                                                                                                                                                                                                                                                                                                                                        4\/5 - (2 votes)        "},{"@context":"https:\/\/schema.org\/","@type":"BreadcrumbList","itemListElement":[{"@type":"ListItem","position":1,"name":"Nev\u0161edn\u00ed z\u00e1\u017eitky z oslavy narozenin","item":"https:\/\/www.abiti.cz\/nevsedni-zazitky-z-oslavy-narozenin\/#breadcrumbitem"}]}]