[{"@context":"https:\/\/schema.org\/","@type":"Blog","@id":"https:\/\/www.abiti.cz#Blog","headline":"Abiti","description":"\nHled\u00e1te na internetu nespornou kvalitu? Pak m\u016f\u017eete pochopiteln\u011b hledat neust\u00e1le. Ale tak\u00e9 nemus\u00edte, proto\u017ee n\u00e1\u0161 kvalitn\u00ed web u\u017e jste objevili.","url":"https:\/\/www.abiti.cz","hasPart":[{"@type":"Article","@id":"https:\/\/www.abiti.cz\/jak-prezit-autoskolu\/","headline":"Jak p\u0159e\u017e\u00edt auto\u0161kolu?","url":"https:\/\/www.abiti.cz\/jak-prezit-autoskolu\/","datePublished":"2019-08-26","dateModified":"2023-05-19","mainEntityOfPage":"https:\/\/www.abiti.cz\/jak-prezit-autoskolu\/","author":{"@type":"Person","@id":"https:\/\/www.abiti.cz\/author\/#Person","name":"","url":"https:\/\/www.abiti.cz\/author\/","identifier":1,"image":{"@type":"ImageObject","@id":"https:\/\/secure.gravatar.com\/avatar\/a414941ff2b86a79f1a70a433f21d60df00047fefe742a46b6fded139881a475?s=96&d=mm&r=g","url":"https:\/\/secure.gravatar.com\/avatar\/a414941ff2b86a79f1a70a433f21d60df00047fefe742a46b6fded139881a475?s=96&d=mm&r=g","height":96,"width":96}},"publisher":{"@type":"Organization","name":"abiti.cz","logo":{"@type":"ImageObject","@id":"\/logo.png","url":"\/logo.png","width":600,"height":60}},"image":{"@type":"ImageObject","@id":"https:\/\/www.abiti.cz\/wp-content\/uploads\/img_a352532_w3202_t1567020109.jpg","url":"https:\/\/www.abiti.cz\/wp-content\/uploads\/img_a352532_w3202_t1567020109.jpg","height":0,"width":0},"wordCount":4657,"keywords":null},{"@type":"Article","@id":"https:\/\/www.abiti.cz\/palety-jsou-stale-standardem-prepravy\/","headline":"Palety jsou st\u00e1le standardem p\u0159epravy","url":"https:\/\/www.abiti.cz\/palety-jsou-stale-standardem-prepravy\/","datePublished":"2019-08-25","dateModified":"2024-02-12","mainEntityOfPage":"https:\/\/www.abiti.cz\/palety-jsou-stale-standardem-prepravy\/","author":{"@type":"Person","@id":"https:\/\/www.abiti.cz\/author\/#Person","name":"","url":"https:\/\/www.abiti.cz\/author\/","identifier":1,"image":{"@type":"ImageObject","@id":"https:\/\/secure.gravatar.com\/avatar\/a414941ff2b86a79f1a70a433f21d60df00047fefe742a46b6fded139881a475?s=96&d=mm&r=g","url":"https:\/\/secure.gravatar.com\/avatar\/a414941ff2b86a79f1a70a433f21d60df00047fefe742a46b6fded139881a475?s=96&d=mm&r=g","height":96,"width":96}},"publisher":{"@type":"Organization","name":"abiti.cz","logo":{"@type":"ImageObject","@id":"\/logo.png","url":"\/logo.png","width":600,"height":60}},"image":{"@type":"ImageObject","@id":"https:\/\/www.abiti.cz\/wp-content\/uploads\/img_a357373_w1761_t1571914004.jpg","url":"https:\/\/www.abiti.cz\/wp-content\/uploads\/img_a357373_w1761_t1571914004.jpg","height":0,"width":0},"wordCount":499,"keywords":null},{"@type":"Article","@id":"https:\/\/www.abiti.cz\/v-lete-prijde-sprcha-vhod\/","headline":"V l\u00e9t\u011b p\u0159ijde sprcha vhod","url":"https:\/\/www.abiti.cz\/v-lete-prijde-sprcha-vhod\/","datePublished":"2019-07-12","dateModified":"2023-05-19","mainEntityOfPage":"https:\/\/www.abiti.cz\/v-lete-prijde-sprcha-vhod\/","author":{"@type":"Person","@id":"https:\/\/www.abiti.cz\/author\/#Person","name":"","url":"https:\/\/www.abiti.cz\/author\/","identifier":1,"image":{"@type":"ImageObject","@id":"https:\/\/secure.gravatar.com\/avatar\/a414941ff2b86a79f1a70a433f21d60df00047fefe742a46b6fded139881a475?s=96&d=mm&r=g","url":"https:\/\/secure.gravatar.com\/avatar\/a414941ff2b86a79f1a70a433f21d60df00047fefe742a46b6fded139881a475?s=96&d=mm&r=g","height":96,"width":96}},"publisher":{"@type":"Organization","name":"abiti.cz","logo":{"@type":"ImageObject","@id":"\/logo.png","url":"\/logo.png","width":600,"height":60}},"image":{"@type":"ImageObject","@id":"https:\/\/www.abiti.cz\/wp-content\/uploads\/img_a359698_w2016_t1573582409.jpg","url":"https:\/\/www.abiti.cz\/wp-content\/uploads\/img_a359698_w2016_t1573582409.jpg","height":0,"width":0},"wordCount":556,"keywords":null},{"@type":"Article","@id":"https:\/\/www.abiti.cz\/co-vsechno-vlastne-muze-pohanet-auto\/","headline":"Co v\u0161echno vlastn\u011b m\u016f\u017ee poh\u00e1n\u011bt auto?","url":"https:\/\/www.abiti.cz\/co-vsechno-vlastne-muze-pohanet-auto\/","datePublished":"2019-06-19","dateModified":"2023-05-19","mainEntityOfPage":"https:\/\/www.abiti.cz\/co-vsechno-vlastne-muze-pohanet-auto\/","author":{"@type":"Person","@id":"https:\/\/www.abiti.cz\/author\/#Person","name":"","url":"https:\/\/www.abiti.cz\/author\/","identifier":1,"image":{"@type":"ImageObject","@id":"https:\/\/secure.gravatar.com\/avatar\/a414941ff2b86a79f1a70a433f21d60df00047fefe742a46b6fded139881a475?s=96&d=mm&r=g","url":"https:\/\/secure.gravatar.com\/avatar\/a414941ff2b86a79f1a70a433f21d60df00047fefe742a46b6fded139881a475?s=96&d=mm&r=g","height":96,"width":96}},"publisher":{"@type":"Organization","name":"abiti.cz","logo":{"@type":"ImageObject","@id":"\/logo.png","url":"\/logo.png","width":600,"height":60}},"image":{"@type":"ImageObject","@id":"https:\/\/www.abiti.cz\/wp-content\/uploads\/img_a347297_w2158_t1561543533.jpg","url":"https:\/\/www.abiti.cz\/wp-content\/uploads\/img_a347297_w2158_t1561543533.jpg","height":0,"width":0},"wordCount":553,"keywords":null},{"@type":"Article","@id":"https:\/\/www.abiti.cz\/dovolte-si-nicnedelani\/","headline":"Dovolte si nicned\u011bl\u00e1n\u00ed!","url":"https:\/\/www.abiti.cz\/dovolte-si-nicnedelani\/","datePublished":"2019-06-12","dateModified":"2023-05-19","mainEntityOfPage":"https:\/\/www.abiti.cz\/dovolte-si-nicnedelani\/","author":{"@type":"Person","@id":"https:\/\/www.abiti.cz\/author\/#Person","name":"","url":"https:\/\/www.abiti.cz\/author\/","identifier":1,"image":{"@type":"ImageObject","@id":"https:\/\/secure.gravatar.com\/avatar\/a414941ff2b86a79f1a70a433f21d60df00047fefe742a46b6fded139881a475?s=96&d=mm&r=g","url":"https:\/\/secure.gravatar.com\/avatar\/a414941ff2b86a79f1a70a433f21d60df00047fefe742a46b6fded139881a475?s=96&d=mm&r=g","height":96,"width":96}},"publisher":{"@type":"Organization","name":"abiti.cz","logo":{"@type":"ImageObject","@id":"\/logo.png","url":"\/logo.png","width":600,"height":60}},"image":{"@type":"ImageObject","@id":"https:\/\/www.abiti.cz\/wp-content\/uploads\/img_a347957_w2124_t1562485931.jpg","url":"https:\/\/www.abiti.cz\/wp-content\/uploads\/img_a347957_w2124_t1562485931.jpg","height":0,"width":0},"wordCount":491,"keywords":null},{"@type":"Article","@id":"https:\/\/www.abiti.cz\/bodlak-ktery-pomaha\/","headline":"Bodl\u00e1k, kter\u00fd pom\u00e1h\u00e1","url":"https:\/\/www.abiti.cz\/bodlak-ktery-pomaha\/","datePublished":"2019-04-24","dateModified":"2024-03-11","mainEntityOfPage":"https:\/\/www.abiti.cz\/bodlak-ktery-pomaha\/","author":{"@type":"Person","@id":"https:\/\/www.abiti.cz\/author\/#Person","name":"","url":"https:\/\/www.abiti.cz\/author\/","identifier":1,"image":{"@type":"ImageObject","@id":"https:\/\/secure.gravatar.com\/avatar\/a414941ff2b86a79f1a70a433f21d60df00047fefe742a46b6fded139881a475?s=96&d=mm&r=g","url":"https:\/\/secure.gravatar.com\/avatar\/a414941ff2b86a79f1a70a433f21d60df00047fefe742a46b6fded139881a475?s=96&d=mm&r=g","height":96,"width":96}},"publisher":{"@type":"Organization","name":"abiti.cz","logo":{"@type":"ImageObject","@id":"\/logo.png","url":"\/logo.png","width":600,"height":60}},"image":{"@type":"ImageObject","@id":"https:\/\/www.abiti.cz\/wp-content\/uploads\/img_a344629_w1693_t1558439985.jpg","url":"https:\/\/www.abiti.cz\/wp-content\/uploads\/img_a344629_w1693_t1558439985.jpg","height":0,"width":0},"wordCount":550,"keywords":null},{"@type":"Article","@id":"https:\/\/www.abiti.cz\/dekujte-sve-konkurenci\/","headline":"D\u011bkujte sv\u00e9 konkurenci","url":"https:\/\/www.abiti.cz\/dekujte-sve-konkurenci\/","datePublished":"2019-03-14","dateModified":"2023-05-19","mainEntityOfPage":"https:\/\/www.abiti.cz\/dekujte-sve-konkurenci\/","author":{"@type":"Person","@id":"https:\/\/www.abiti.cz\/author\/#Person","name":"","url":"https:\/\/www.abiti.cz\/author\/","identifier":1,"image":{"@type":"ImageObject","@id":"https:\/\/secure.gravatar.com\/avatar\/a414941ff2b86a79f1a70a433f21d60df00047fefe742a46b6fded139881a475?s=96&d=mm&r=g","url":"https:\/\/secure.gravatar.com\/avatar\/a414941ff2b86a79f1a70a433f21d60df00047fefe742a46b6fded139881a475?s=96&d=mm&r=g","height":96,"width":96}},"publisher":{"@type":"Organization","name":"abiti.cz","logo":{"@type":"ImageObject","@id":"\/logo.png","url":"\/logo.png","width":600,"height":60}},"image":{"@type":"ImageObject","@id":"https:\/\/www.abiti.cz\/wp-content\/uploads\/img_a340112_w2589_t1553177942.jpg","url":"https:\/\/www.abiti.cz\/wp-content\/uploads\/img_a340112_w2589_t1553177942.jpg","height":0,"width":0},"wordCount":4575,"keywords":null},{"@type":"Article","@id":"https:\/\/www.abiti.cz\/co-delat-aby-mel-web-vyssi-navstevnost\/","headline":"Co d\u011blat, aby m\u011bl web vy\u0161\u0161\u00ed n\u00e1v\u0161t\u011bvnost","url":"https:\/\/www.abiti.cz\/co-delat-aby-mel-web-vyssi-navstevnost\/","datePublished":"2019-02-26","dateModified":"2023-05-19","mainEntityOfPage":"https:\/\/www.abiti.cz\/co-delat-aby-mel-web-vyssi-navstevnost\/","author":{"@type":"Person","@id":"https:\/\/www.abiti.cz\/author\/#Person","name":"","url":"https:\/\/www.abiti.cz\/author\/","identifier":1,"image":{"@type":"ImageObject","@id":"https:\/\/secure.gravatar.com\/avatar\/a414941ff2b86a79f1a70a433f21d60df00047fefe742a46b6fded139881a475?s=96&d=mm&r=g","url":"https:\/\/secure.gravatar.com\/avatar\/a414941ff2b86a79f1a70a433f21d60df00047fefe742a46b6fded139881a475?s=96&d=mm&r=g","height":96,"width":96}},"publisher":{"@type":"Organization","name":"abiti.cz","logo":{"@type":"ImageObject","@id":"\/logo.png","url":"\/logo.png","width":600,"height":60}},"image":{"@type":"ImageObject","@id":"https:\/\/www.abiti.cz\/wp-content\/uploads\/img_a338570_w2716_t1551199481.jpg","url":"https:\/\/www.abiti.cz\/wp-content\/uploads\/img_a338570_w2716_t1551199481.jpg","height":0,"width":0},"wordCount":474,"keywords":null},{"@type":"Article","@id":"https:\/\/www.abiti.cz\/vylet-lodi\/","headline":"V\u00fdlet lod\u00ed","url":"https:\/\/www.abiti.cz\/vylet-lodi\/","datePublished":"2019-02-22","dateModified":"2023-05-19","mainEntityOfPage":"https:\/\/www.abiti.cz\/vylet-lodi\/","author":{"@type":"Person","@id":"https:\/\/www.abiti.cz\/author\/#Person","name":"","url":"https:\/\/www.abiti.cz\/author\/","identifier":1,"image":{"@type":"ImageObject","@id":"https:\/\/secure.gravatar.com\/avatar\/a414941ff2b86a79f1a70a433f21d60df00047fefe742a46b6fded139881a475?s=96&d=mm&r=g","url":"https:\/\/secure.gravatar.com\/avatar\/a414941ff2b86a79f1a70a433f21d60df00047fefe742a46b6fded139881a475?s=96&d=mm&r=g","height":96,"width":96}},"publisher":{"@type":"Organization","name":"abiti.cz","logo":{"@type":"ImageObject","@id":"\/logo.png","url":"\/logo.png","width":600,"height":60}},"image":{"@type":"ImageObject","@id":"https:\/\/www.abiti.cz\/wp-content\/uploads\/img_a337109_w2649_t1550347504.jpg","url":"https:\/\/www.abiti.cz\/wp-content\/uploads\/img_a337109_w2649_t1550347504.jpg","height":0,"width":0},"wordCount":505,"keywords":null},{"@type":"Article","@id":"https:\/\/www.abiti.cz\/nebankovnich-uveru-se-neni-treba-bat\/","headline":"Nebankovn\u00edch \u00fav\u011br\u016f se nen\u00ed t\u0159eba b\u00e1t","url":"https:\/\/www.abiti.cz\/nebankovnich-uveru-se-neni-treba-bat\/","datePublished":"2019-02-04","dateModified":"2023-05-19","mainEntityOfPage":"https:\/\/www.abiti.cz\/nebankovnich-uveru-se-neni-treba-bat\/","author":{"@type":"Person","@id":"https:\/\/www.abiti.cz\/author\/#Person","name":"","url":"https:\/\/www.abiti.cz\/author\/","identifier":1,"image":{"@type":"ImageObject","@id":"https:\/\/secure.gravatar.com\/avatar\/a414941ff2b86a79f1a70a433f21d60df00047fefe742a46b6fded139881a475?s=96&d=mm&r=g","url":"https:\/\/secure.gravatar.com\/avatar\/a414941ff2b86a79f1a70a433f21d60df00047fefe742a46b6fded139881a475?s=96&d=mm&r=g","height":96,"width":96}},"publisher":{"@type":"Organization","name":"abiti.cz","logo":{"@type":"ImageObject","@id":"\/logo.png","url":"\/logo.png","width":600,"height":60}},"image":{"@type":"ImageObject","@id":"https:\/\/www.abiti.cz\/wp-content\/uploads\/img_a340262_w3185_t1553253607.jpg","url":"https:\/\/www.abiti.cz\/wp-content\/uploads\/img_a340262_w3185_t1553253607.jpg","height":0,"width":0},"wordCount":522,"keywords":null}]},{"@context":"https:\/\/schema.org","@type":"WebSite","@id":"https:\/\/www.abiti.cz\/#website","name":"Abiti","url":"https:\/\/www.abiti.cz","potentialAction":{"@type":"SearchAction","target":"https:\/\/www.abiti.cz\/?s={search_term_string}","query-input":"required name=search_term_string"}}]