[{"@context":"https:\/\/schema.org\/","@type":"Blog","@id":"https:\/\/www.abiti.cz#Blog","headline":"Abiti","description":"\nHled\u00e1te na internetu nespornou kvalitu? Pak m\u016f\u017eete pochopiteln\u011b hledat neust\u00e1le. Ale tak\u00e9 nemus\u00edte, proto\u017ee n\u00e1\u0161 kvalitn\u00ed web u\u017e jste objevili.","url":"https:\/\/www.abiti.cz","hasPart":[{"@type":"Article","@id":"https:\/\/www.abiti.cz\/italske-topy\/","headline":"Italsk\u00e9 topy","url":"https:\/\/www.abiti.cz\/italske-topy\/","datePublished":"2025-02-11","dateModified":"2025-02-11","mainEntityOfPage":"https:\/\/www.abiti.cz\/italske-topy\/","author":{"@type":"Person","@id":"https:\/\/www.abiti.cz\/author\/#Person","name":"","url":"https:\/\/www.abiti.cz\/author\/","identifier":1,"image":{"@type":"ImageObject","@id":"https:\/\/secure.gravatar.com\/avatar\/a414941ff2b86a79f1a70a433f21d60df00047fefe742a46b6fded139881a475?s=96&d=mm&r=g","url":"https:\/\/secure.gravatar.com\/avatar\/a414941ff2b86a79f1a70a433f21d60df00047fefe742a46b6fded139881a475?s=96&d=mm&r=g","height":96,"width":96}},"publisher":{"@type":"Organization","name":"abiti.cz","logo":{"@type":"ImageObject","@id":"\/logo.png","url":"\/logo.png","width":600,"height":60}},"image":null,"wordCount":218,"keywords":null},{"@type":"Article","@id":"https:\/\/www.abiti.cz\/virivka-praha\/","headline":"V\u00ed\u0159ivka Praha","url":"https:\/\/www.abiti.cz\/virivka-praha\/","datePublished":"2025-02-05","dateModified":"2025-02-05","mainEntityOfPage":"https:\/\/www.abiti.cz\/virivka-praha\/","author":{"@type":"Person","@id":"https:\/\/www.abiti.cz\/author\/#Person","name":"","url":"https:\/\/www.abiti.cz\/author\/","identifier":1,"image":{"@type":"ImageObject","@id":"https:\/\/secure.gravatar.com\/avatar\/a414941ff2b86a79f1a70a433f21d60df00047fefe742a46b6fded139881a475?s=96&d=mm&r=g","url":"https:\/\/secure.gravatar.com\/avatar\/a414941ff2b86a79f1a70a433f21d60df00047fefe742a46b6fded139881a475?s=96&d=mm&r=g","height":96,"width":96}},"publisher":{"@type":"Organization","name":"abiti.cz","logo":{"@type":"ImageObject","@id":"\/logo.png","url":"\/logo.png","width":600,"height":60}},"image":null,"wordCount":274,"keywords":null},{"@type":"Article","@id":"https:\/\/www.abiti.cz\/dresy-nebo-reklamni-produkt\/","headline":"Dresy nebo reklamn\u00ed produkt","url":"https:\/\/www.abiti.cz\/dresy-nebo-reklamni-produkt\/","datePublished":"2025-01-30","dateModified":"2025-01-30","mainEntityOfPage":"https:\/\/www.abiti.cz\/dresy-nebo-reklamni-produkt\/","author":{"@type":"Person","@id":"https:\/\/www.abiti.cz\/author\/#Person","name":"","url":"https:\/\/www.abiti.cz\/author\/","identifier":1,"image":{"@type":"ImageObject","@id":"https:\/\/secure.gravatar.com\/avatar\/a414941ff2b86a79f1a70a433f21d60df00047fefe742a46b6fded139881a475?s=96&d=mm&r=g","url":"https:\/\/secure.gravatar.com\/avatar\/a414941ff2b86a79f1a70a433f21d60df00047fefe742a46b6fded139881a475?s=96&d=mm&r=g","height":96,"width":96}},"publisher":{"@type":"Organization","name":"abiti.cz","logo":{"@type":"ImageObject","@id":"\/logo.png","url":"\/logo.png","width":600,"height":60}},"image":null,"wordCount":219,"keywords":null},{"@type":"Article","@id":"https:\/\/www.abiti.cz\/i-pro-deti\/","headline":"I pro d\u011bti","url":"https:\/\/www.abiti.cz\/i-pro-deti\/","datePublished":"2025-01-25","dateModified":"2025-01-25","mainEntityOfPage":"https:\/\/www.abiti.cz\/i-pro-deti\/","author":{"@type":"Person","@id":"https:\/\/www.abiti.cz\/author\/#Person","name":"","url":"https:\/\/www.abiti.cz\/author\/","identifier":1,"image":{"@type":"ImageObject","@id":"https:\/\/secure.gravatar.com\/avatar\/a414941ff2b86a79f1a70a433f21d60df00047fefe742a46b6fded139881a475?s=96&d=mm&r=g","url":"https:\/\/secure.gravatar.com\/avatar\/a414941ff2b86a79f1a70a433f21d60df00047fefe742a46b6fded139881a475?s=96&d=mm&r=g","height":96,"width":96}},"publisher":{"@type":"Organization","name":"abiti.cz","logo":{"@type":"ImageObject","@id":"\/logo.png","url":"\/logo.png","width":600,"height":60}},"image":null,"wordCount":213,"keywords":null},{"@type":"Article","@id":"https:\/\/www.abiti.cz\/naucime-vas-odpocivat\/","headline":"Nau\u010d\u00edme v\u00e1s odpo\u010d\u00edvat","url":"https:\/\/www.abiti.cz\/naucime-vas-odpocivat\/","datePublished":"2025-01-17","dateModified":"2025-01-17","mainEntityOfPage":"https:\/\/www.abiti.cz\/naucime-vas-odpocivat\/","author":{"@type":"Person","@id":"https:\/\/www.abiti.cz\/author\/#Person","name":"","url":"https:\/\/www.abiti.cz\/author\/","identifier":1,"image":{"@type":"ImageObject","@id":"https:\/\/secure.gravatar.com\/avatar\/a414941ff2b86a79f1a70a433f21d60df00047fefe742a46b6fded139881a475?s=96&d=mm&r=g","url":"https:\/\/secure.gravatar.com\/avatar\/a414941ff2b86a79f1a70a433f21d60df00047fefe742a46b6fded139881a475?s=96&d=mm&r=g","height":96,"width":96}},"publisher":{"@type":"Organization","name":"abiti.cz","logo":{"@type":"ImageObject","@id":"\/logo.png","url":"\/logo.png","width":600,"height":60}},"image":null,"wordCount":280,"keywords":null},{"@type":"Article","@id":"https:\/\/www.abiti.cz\/lide-by-o-vas-meli-vedet\/","headline":"Lid\u00e9 by o v\u00e1s m\u011bli v\u011bd\u011bt","url":"https:\/\/www.abiti.cz\/lide-by-o-vas-meli-vedet\/","datePublished":"2025-01-08","dateModified":"2025-01-08","mainEntityOfPage":"https:\/\/www.abiti.cz\/lide-by-o-vas-meli-vedet\/","author":{"@type":"Person","@id":"https:\/\/www.abiti.cz\/author\/#Person","name":"","url":"https:\/\/www.abiti.cz\/author\/","identifier":1,"image":{"@type":"ImageObject","@id":"https:\/\/secure.gravatar.com\/avatar\/a414941ff2b86a79f1a70a433f21d60df00047fefe742a46b6fded139881a475?s=96&d=mm&r=g","url":"https:\/\/secure.gravatar.com\/avatar\/a414941ff2b86a79f1a70a433f21d60df00047fefe742a46b6fded139881a475?s=96&d=mm&r=g","height":96,"width":96}},"publisher":{"@type":"Organization","name":"abiti.cz","logo":{"@type":"ImageObject","@id":"\/logo.png","url":"\/logo.png","width":600,"height":60}},"image":null,"wordCount":241,"keywords":null},{"@type":"Article","@id":"https:\/\/www.abiti.cz\/komfortni-vybaveni-nabytkem\/","headline":"Komfortn\u00ed vybaven\u00ed n\u00e1bytkem","url":"https:\/\/www.abiti.cz\/komfortni-vybaveni-nabytkem\/","datePublished":"2025-01-03","dateModified":"2025-01-03","mainEntityOfPage":"https:\/\/www.abiti.cz\/komfortni-vybaveni-nabytkem\/","author":{"@type":"Person","@id":"https:\/\/www.abiti.cz\/author\/#Person","name":"","url":"https:\/\/www.abiti.cz\/author\/","identifier":1,"image":{"@type":"ImageObject","@id":"https:\/\/secure.gravatar.com\/avatar\/a414941ff2b86a79f1a70a433f21d60df00047fefe742a46b6fded139881a475?s=96&d=mm&r=g","url":"https:\/\/secure.gravatar.com\/avatar\/a414941ff2b86a79f1a70a433f21d60df00047fefe742a46b6fded139881a475?s=96&d=mm&r=g","height":96,"width":96}},"publisher":{"@type":"Organization","name":"abiti.cz","logo":{"@type":"ImageObject","@id":"\/logo.png","url":"\/logo.png","width":600,"height":60}},"image":null,"wordCount":227,"keywords":null},{"@type":"Article","@id":"https:\/\/www.abiti.cz\/osvetleni-i-pro-vas-dum\/","headline":"Osv\u011btlen\u00ed i pro V\u00e1\u0161 d\u016fm","url":"https:\/\/www.abiti.cz\/osvetleni-i-pro-vas-dum\/","datePublished":"2024-12-27","dateModified":"2024-12-27","mainEntityOfPage":"https:\/\/www.abiti.cz\/osvetleni-i-pro-vas-dum\/","author":{"@type":"Person","@id":"https:\/\/www.abiti.cz\/author\/#Person","name":"","url":"https:\/\/www.abiti.cz\/author\/","identifier":1,"image":{"@type":"ImageObject","@id":"https:\/\/secure.gravatar.com\/avatar\/a414941ff2b86a79f1a70a433f21d60df00047fefe742a46b6fded139881a475?s=96&d=mm&r=g","url":"https:\/\/secure.gravatar.com\/avatar\/a414941ff2b86a79f1a70a433f21d60df00047fefe742a46b6fded139881a475?s=96&d=mm&r=g","height":96,"width":96}},"publisher":{"@type":"Organization","name":"abiti.cz","logo":{"@type":"ImageObject","@id":"\/logo.png","url":"\/logo.png","width":600,"height":60}},"image":null,"wordCount":285,"keywords":null},{"@type":"Article","@id":"https:\/\/www.abiti.cz\/moderni-zpusob-nabidky-a-poptavky\/","headline":"Modern\u00ed zp\u016fsob nab\u00eddky a popt\u00e1vky","url":"https:\/\/www.abiti.cz\/moderni-zpusob-nabidky-a-poptavky\/","datePublished":"2024-12-19","dateModified":"2024-12-19","mainEntityOfPage":"https:\/\/www.abiti.cz\/moderni-zpusob-nabidky-a-poptavky\/","author":{"@type":"Person","@id":"https:\/\/www.abiti.cz\/author\/#Person","name":"","url":"https:\/\/www.abiti.cz\/author\/","identifier":1,"image":{"@type":"ImageObject","@id":"https:\/\/secure.gravatar.com\/avatar\/a414941ff2b86a79f1a70a433f21d60df00047fefe742a46b6fded139881a475?s=96&d=mm&r=g","url":"https:\/\/secure.gravatar.com\/avatar\/a414941ff2b86a79f1a70a433f21d60df00047fefe742a46b6fded139881a475?s=96&d=mm&r=g","height":96,"width":96}},"publisher":{"@type":"Organization","name":"abiti.cz","logo":{"@type":"ImageObject","@id":"\/logo.png","url":"\/logo.png","width":600,"height":60}},"image":null,"wordCount":196,"keywords":null},{"@type":"Article","@id":"https:\/\/www.abiti.cz\/dobre-se-informujte\/","headline":"Dob\u0159e se informujte","url":"https:\/\/www.abiti.cz\/dobre-se-informujte\/","datePublished":"2024-12-15","dateModified":"2024-12-15","mainEntityOfPage":"https:\/\/www.abiti.cz\/dobre-se-informujte\/","author":{"@type":"Person","@id":"https:\/\/www.abiti.cz\/author\/#Person","name":"","url":"https:\/\/www.abiti.cz\/author\/","identifier":1,"image":{"@type":"ImageObject","@id":"https:\/\/secure.gravatar.com\/avatar\/a414941ff2b86a79f1a70a433f21d60df00047fefe742a46b6fded139881a475?s=96&d=mm&r=g","url":"https:\/\/secure.gravatar.com\/avatar\/a414941ff2b86a79f1a70a433f21d60df00047fefe742a46b6fded139881a475?s=96&d=mm&r=g","height":96,"width":96}},"publisher":{"@type":"Organization","name":"abiti.cz","logo":{"@type":"ImageObject","@id":"\/logo.png","url":"\/logo.png","width":600,"height":60}},"image":null,"wordCount":313,"keywords":null}]},{"@context":"https:\/\/schema.org","@type":"WebSite","@id":"https:\/\/www.abiti.cz\/#website","name":"Abiti","url":"https:\/\/www.abiti.cz","potentialAction":{"@type":"SearchAction","target":"https:\/\/www.abiti.cz\/?s={search_term_string}","query-input":"required name=search_term_string"}}]