[{"@context":"https:\/\/schema.org\/","@type":"Article","@id":"https:\/\/www.abiti.cz\/skladovy-kontejner-pro-uschovu-vasich-veci\/#Article","mainEntityOfPage":"https:\/\/www.abiti.cz\/skladovy-kontejner-pro-uschovu-vasich-veci\/","headline":"Skladov\u00fd kontejner pro \u00faschovu va\u0161ich v\u011bc\u00ed","name":"Skladov\u00fd kontejner pro \u00faschovu va\u0161ich v\u011bc\u00ed","description":"M\u00e1te napl\u00e1novanou rekonstrukci domu a lad\u00edte posledn\u00ed detaily? Bude ji prov\u00e1d\u011bt stavebn\u00ed firma a jste dohodnuti, \u017ee po dobu rekonstrukce nebude uvnit\u0159 \u017e\u00e1dn\u00fd n\u00e1bytek, dom\u00e1c\u00ed spot\u0159ebi\u010de ani sv\u00edtidla a podlahov\u00e9 krytiny? Pak bude zapot\u0159eb\u00ed zajistit vhodn\u00fd prostor, kam v\u0161echny va\u0161e v\u011bci do\u010dasn\u011b p\u0159est\u011bhovat. P\u0159\u00e1tel\u00e9 a zn\u00e1m\u00ed \u2013 m\u016f\u017eete o to po\u017e\u00e1dat va\u0161e p\u0159\u00e1tele. Podm\u00ednkou ov\u0161em [&hellip;]","datePublished":"2022-12-26","dateModified":"2022-12-26","author":{"@type":"Person","@id":"https:\/\/www.abiti.cz\/author\/#Person","name":"","url":"https:\/\/www.abiti.cz\/author\/","identifier":1,"image":{"@type":"ImageObject","@id":"https:\/\/secure.gravatar.com\/avatar\/a414941ff2b86a79f1a70a433f21d60df00047fefe742a46b6fded139881a475?s=96&d=mm&r=g","url":"https:\/\/secure.gravatar.com\/avatar\/a414941ff2b86a79f1a70a433f21d60df00047fefe742a46b6fded139881a475?s=96&d=mm&r=g","height":96,"width":96}},"publisher":{"@type":"Organization","name":"abiti.cz","logo":{"@type":"ImageObject","@id":"\/logo.png","url":"\/logo.png","width":600,"height":60}},"image":{"@type":"ImageObject","@id":"https:\/\/www.abiti.cz\/wp-content\/uploads\/container-g8c448f4e0_640.jpg","url":"https:\/\/www.abiti.cz\/wp-content\/uploads\/container-g8c448f4e0_640.jpg","height":0,"width":0},"url":"https:\/\/www.abiti.cz\/skladovy-kontejner-pro-uschovu-vasich-veci\/","about":["Business"],"wordCount":409,"articleBody":"   M\u00e1te napl\u00e1novanou rekonstrukci domu a lad\u00edte posledn\u00ed detaily? Bude ji prov\u00e1d\u011bt stavebn\u00ed firma a jste dohodnuti, \u017ee po dobu rekonstrukce nebude uvnit\u0159 \u017e\u00e1dn\u00fd n\u00e1bytek, dom\u00e1c\u00ed spot\u0159ebi\u010de ani sv\u00edtidla a podlahov\u00e9 krytiny? Pak bude zapot\u0159eb\u00ed zajistit vhodn\u00fd prostor, kam v\u0161echny va\u0161e v\u011bci do\u010dasn\u011b p\u0159est\u011bhovat.P\u0159\u00e1tel\u00e9 a zn\u00e1m\u00ed \u2013 m\u016f\u017eete o to po\u017e\u00e1dat va\u0161e p\u0159\u00e1tele. Podm\u00ednkou ov\u0161em je, \u017ee budou m\u00edt dostate\u010dn\u011b velk\u00fd skladovac\u00ed prostor, a to v\u017edy nemus\u00ed vyj\u00edt. Z\u00e1rove\u0148 to bude p\u0159ece jen trochu z ruky, a budete-li pot\u0159ebovat ob\u010das pro n\u011bjakou v\u011bc zab\u011bhnout, budete zbyte\u010dn\u011b ztr\u00e1cet \u010das. Na druhou stranu ochota p\u0159\u00e1tel \u010di p\u0159\u00edbuzn\u00fdch je v tomto sm\u011bru ide\u00e1ln\u00ed a m\u00e1te t\u00e9m\u011b\u0159 jistotu, \u017ee budou va\u0161e v\u011bci v bezpe\u010d\u00ed.St\u011bhov\u00e1ci \u2013 n\u011bkter\u00e9 st\u011bhovac\u00ed firmy nab\u00edz\u00ed \u00faschovu v\u011bc\u00ed a v z\u00e1sad\u011b je to velmi podobn\u00e9 p\u0159edchoz\u00edmu p\u0159\u00edpadu. Op\u011bt se tu budete pot\u00fdkat s t\u00edm, \u017ee je \u00falo\u017en\u00fd prostor daleko, a jezdit autem pro kdejakou drobnost bude nesm\u00edrn\u011b otravn\u00e9. \u00daschova p\u0159edm\u011bt\u016f u st\u011bhovac\u00edch firem se vyplat\u00ed sp\u00ed\u0161e pro p\u0159\u00edpady, kdy jde o st\u011bhov\u00e1n\u00ed do prostor, kter\u00e9 z jak\u00e9hokoli d\u016fvodu neob\u00fdv\u00e1te, a v\u011bci nutn\u011b m\u00edt p\u0159i ruce nepot\u0159ebujete.Skladov\u00e9 kontejnery \u2013 pron\u00e1jem skladu v Praze OTP sklady je \u0159e\u0161en\u00ed, kter\u00e9 anuluje nev\u00fdhody obou p\u0159edchoz\u00edch. Skladov\u00fd kontejner v\u00e1m posad\u00ed p\u0159\u00edmo na zahradu vedle domu, do n\u011bho, p\u0159\u00edpadn\u011b do v\u00edce kontejner\u016f, nast\u011bhujete v\u0161e, co je zapot\u0159eb\u00ed, kontejner uzav\u0159ete a uzamknete a je to podobn\u00e9, jako kdybyste m\u011bli je\u0161t\u011b jeden d\u016fm nav\u00edc k dispozici. Do kontejneru budete m\u00edt p\u0159\u00edstup po celou dobu rekonstrukce, m\u016f\u017eete si odtud kdykoli cokoli odn\u00e9st nebo tam naopak cokoli vlo\u017eit. Skladov\u00e9 kontejnery velmi dob\u0159e chr\u00e1n\u00ed sv\u016fj obsah p\u0159ed pov\u011btrnostn\u00edmi vlivy. Chr\u00e1n\u00ed jej p\u0159ed v\u011btrem, p\u0159ed prachem a smogov\u00fdm z\u00e1pachem z ulice, p\u0159ed de\u0161t\u011bm, sn\u011bhem i n\u00e1mrazou a v\u0161echny p\u0159edm\u011bty uvnit\u0159 jsou tu uzav\u0159eny jako v depozitn\u00edm skladi\u0161ti.                                                                                                                                                                                                                                                                                                                                                                                          5\/5 - (4 votes)        "},{"@context":"https:\/\/schema.org\/","@type":"BreadcrumbList","itemListElement":[{"@type":"ListItem","position":1,"name":"Skladov\u00fd kontejner pro \u00faschovu va\u0161ich v\u011bc\u00ed","item":"https:\/\/www.abiti.cz\/skladovy-kontejner-pro-uschovu-vasich-veci\/#breadcrumbitem"}]}]