[{"@context":"https:\/\/schema.org\/","@type":"Article","@id":"https:\/\/www.abiti.cz\/svedske-stoly-a-svedske-napady\/#Article","mainEntityOfPage":"https:\/\/www.abiti.cz\/svedske-stoly-a-svedske-napady\/","headline":"\u0160v\u00e9dsk\u00e9 stoly a \u0161v\u00e9dsk\u00e9 n\u00e1pady","name":"\u0160v\u00e9dsk\u00e9 stoly a \u0161v\u00e9dsk\u00e9 n\u00e1pady","description":"\u0160v\u00e9dsko a obecn\u011b sever Evropy se st\u00e1v\u00e1 velmi obl\u00edbenou turistickou destinac\u00ed, kter\u00e1 je nav\u0161t\u011bvov\u00e1na. Nyn\u00ed si \u0159ekn\u011bme n\u011bkolik zaj\u00edmavost\u00ed o pom\u011brn\u011b chladn\u00e9 zemi, my\u0161leno samoz\u0159ejm\u011b ve vztahu k po\u010das\u00ed, kter\u00e9 mo\u017en\u00e1 v\u00edte, ale t\u0159eba tak\u00e9 ne. Kdy\u017e se \u0159ekne \u0160v\u00e9dsko, tak se asi ka\u017ed\u00e9mu z n\u00e1s vybav\u00ed Ikea, tedy velkoobchod s n\u00e1bytkem a dom\u00e1c\u00edmi dopl\u0148ky, [&hellip;]","datePublished":"2018-08-09","dateModified":"2023-05-19","author":{"@type":"Person","@id":"https:\/\/www.abiti.cz\/author\/#Person","name":"","url":"https:\/\/www.abiti.cz\/author\/","identifier":1,"image":{"@type":"ImageObject","@id":"https:\/\/secure.gravatar.com\/avatar\/a414941ff2b86a79f1a70a433f21d60df00047fefe742a46b6fded139881a475?s=96&d=mm&r=g","url":"https:\/\/secure.gravatar.com\/avatar\/a414941ff2b86a79f1a70a433f21d60df00047fefe742a46b6fded139881a475?s=96&d=mm&r=g","height":96,"width":96}},"publisher":{"@type":"Organization","name":"abiti.cz","logo":{"@type":"ImageObject","@id":"\/logo.png","url":"\/logo.png","width":600,"height":60}},"image":{"@type":"ImageObject","@id":"https:\/\/www.abiti.cz\/wp-content\/uploads\/img_a323142_w2196_t1534925474.jpg","url":"https:\/\/www.abiti.cz\/wp-content\/uploads\/img_a323142_w2196_t1534925474.jpg","height":0,"width":0},"url":"https:\/\/www.abiti.cz\/svedske-stoly-a-svedske-napady\/","wordCount":419,"articleBody":"\u0160v\u00e9dsko a obecn\u011b sever Evropy se st\u00e1v\u00e1 velmi obl\u00edbenou turistickou destinac\u00ed, kter\u00e1 je nav\u0161t\u011bvov\u00e1na. Nyn\u00ed si \u0159ekn\u011bme n\u011bkolik zaj\u00edmavost\u00ed o pom\u011brn\u011b chladn\u00e9 zemi, my\u0161leno samoz\u0159ejm\u011b ve vztahu k po\u010das\u00ed, kter\u00e9 mo\u017en\u00e1 v\u00edte, ale t\u0159eba tak\u00e9 ne. Kdy\u017e se \u0159ekne \u0160v\u00e9dsko, tak se asi ka\u017ed\u00e9mu z n\u00e1s vybav\u00ed Ikea, tedy velkoobchod s n\u00e1bytkem a dom\u00e1c\u00edmi dopl\u0148ky, ale i potravinami. Jejich sortiment se st\u00e1le rozr\u016fst\u00e1. Ikea je obl\u00edben\u00e1 t\u00edm, \u017ee se zde prod\u00e1vaj\u00ed v\u00fdrobky, kter\u00e9 jsou velmi cenov\u011b dostupn\u00e9 pro ka\u017ed\u00e9ho z n\u00e1s. Ka\u017ed\u00fd si tam najde to sv\u00e9. Dal\u0161\u00ed specifikum t\u00e9to zem\u011b je n\u00e1rodn\u00ed sport, kter\u00fdm je hokej, jak v\u0161ichni zn\u00e1me z mistrostv\u00ed. \u0160v\u00e9dsk\u00e9 stoly zn\u00e1 asi tak\u00e9 ka\u017ed\u00fd, jsou to v\u00fdjime\u010dn\u00e9 a bohat\u011b obsypan\u00e9 stoly v\u0161emo\u017en\u00fdmi druhy j\u00eddla, tak\u017ee uspokoj\u00ed \u017ealudek snad ka\u017ed\u00e9ho. Co u\u017e ale asi nev\u00ed ka\u017ed\u00fd, \u017ee je tato zem\u011b tak\u00e9 velmi zn\u00e1m\u00e1 pro vysokou \u00farove\u0148 jejich IT, robotiky, v\u00fdvoj\u00e1\u0159stv\u00ed, po\u010d\u00edta\u010d\u016f, v\u011bdy, in\u017een\u00fdrstv\u00ed nebo tak\u00e9 oblast\u00ed nov\u00fdch technologi\u00ed. Jestlipak v\u00e1m n\u011bco \u0159\u00edk\u00e1 jm\u00e9no Ingvar Kamprad. Byl to nejbohat\u0161\u00ed \u0160v\u00e9d, kter\u00fd zem\u0159el v lednu tohoto roku a do\u017eil se kr\u00e1sn\u00fdch 91 let. Pr\u00e1v\u011b on byl zakladatel Ikey. Z\u00e1rove\u0148 byl za\u0159azen mezi p\u00e1t\u00e9ho nejbohat\u0161\u00edho \u010dlov\u011bka na sv\u011bt\u011b a to rozhodn\u011b stoj\u00ed za zm\u00ednku. Jeho \u010dist\u00e9 jm\u011bn\u00ed se odhaduje na p\u0159ibli\u017en\u011b 22 miliard dolar\u016f. V\u00edte tak\u00e9, \u017ee zdan\u011bn\u00ed je v t\u00e9to zemi o 20% v\u011bt\u0161\u00ed ne\u017e t\u0159eba u n\u00e1s v \u010cesk\u00e9 republice? Tak\u017ee lid\u00e9 se tu mus\u00ed opravdu ot\u00e1\u010det, proto\u017ee velkou \u010d\u00e1st vyd\u011blan\u00fdch prost\u0159edk\u016f odv\u00e1d\u00ed st\u00e1tu. A co takov\u00fd Jantelagen? \u0158\u00edk\u00e1 v\u00e1m to n\u011bco? Je to \u0161v\u00e9dsk\u00fd z\u00e1kon, \u0159\u00edk\u00e1 se mu tak\u00e9 Jante. Tento z\u00e1kon popisuje stalet\u00ed dlouhou tradici, kter\u00e1 preferuje skromnost p\u0159ed ok\u00e1zal\u00fdm ukazov\u00e1n\u00edm majetku na ve\u0159ejnosti a ni\u010d\u00ed tak jakoukoliv hierarchii. To znamen\u00e1, \u017ee v\u0161ichni jsou na stejn\u00e9 lodi a v\u0161ichni jsou si rovni. Jestli je to dob\u0159e nebo \u0161patn\u011b mus\u00ed posoudit u\u017e ka\u017ed\u00fd s\u00e1m, proto\u017ee n\u00e1zor\u016f na to je velmi mnoho a tak\u00e9 se velmi li\u0161\u00ed.                                                                                                                                                                                                                                                                                                                                                                                        4.7\/5 - (8 votes)        "},{"@context":"https:\/\/schema.org\/","@type":"BreadcrumbList","itemListElement":[{"@type":"ListItem","position":1,"name":"\u0160v\u00e9dsk\u00e9 stoly a \u0161v\u00e9dsk\u00e9 n\u00e1pady","item":"https:\/\/www.abiti.cz\/svedske-stoly-a-svedske-napady\/#breadcrumbitem"}]}]