[{"@context":"https:\/\/schema.org\/","@type":"Article","@id":"https:\/\/www.abiti.cz\/v-lete-prijde-sprcha-vhod\/#Article","mainEntityOfPage":"https:\/\/www.abiti.cz\/v-lete-prijde-sprcha-vhod\/","headline":"V l\u00e9t\u011b p\u0159ijde sprcha vhod","name":"V l\u00e9t\u011b p\u0159ijde sprcha vhod","description":"Pokud m\u00e1 \u010dlov\u011bk zahradu nebo alespo\u0148 n\u011bjak\u00fd kousek toho pozemku u domu \u010di chaty, nebylo by od v\u011bci zamyslet se nad t\u00edm, nehodila-li by se mu tam mimo jin\u00e9 i sol\u00e1rn\u00ed sprcha. Nad \u010d\u00edm\u017e se samoz\u0159ejm\u011b nemus\u00ed zam\u00fd\u0161let ten, kdo u\u017e ji m\u00e1, ale ten, jemu\u017e tam tato doposud sch\u00e1z\u00ed. Pro\u010d si tam takovou sprchu [&hellip;]","datePublished":"2019-07-12","dateModified":"2023-05-19","author":{"@type":"Person","@id":"https:\/\/www.abiti.cz\/author\/#Person","name":"","url":"https:\/\/www.abiti.cz\/author\/","identifier":1,"image":{"@type":"ImageObject","@id":"https:\/\/secure.gravatar.com\/avatar\/a414941ff2b86a79f1a70a433f21d60df00047fefe742a46b6fded139881a475?s=96&d=mm&r=g","url":"https:\/\/secure.gravatar.com\/avatar\/a414941ff2b86a79f1a70a433f21d60df00047fefe742a46b6fded139881a475?s=96&d=mm&r=g","height":96,"width":96}},"publisher":{"@type":"Organization","name":"abiti.cz","logo":{"@type":"ImageObject","@id":"\/logo.png","url":"\/logo.png","width":600,"height":60}},"image":{"@type":"ImageObject","@id":"https:\/\/www.abiti.cz\/wp-content\/uploads\/img_a359698_w2016_t1573582409.jpg","url":"https:\/\/www.abiti.cz\/wp-content\/uploads\/img_a359698_w2016_t1573582409.jpg","height":0,"width":0},"url":"https:\/\/www.abiti.cz\/v-lete-prijde-sprcha-vhod\/","about":["Zbo\u017e\u00ed"],"wordCount":431,"articleBody":"       Pokud m\u00e1 \u010dlov\u011bk zahradu nebo alespo\u0148 n\u011bjak\u00fd kousek toho pozemku u domu \u010di chaty, nebylo by od v\u011bci zamyslet se nad t\u00edm, nehodila-li by se mu tam mimo jin\u00e9 i sol\u00e1rn\u00ed sprcha. Nad \u010d\u00edm\u017e se samoz\u0159ejm\u011b nemus\u00ed zam\u00fd\u0161let ten, kdo u\u017e ji m\u00e1, ale ten, jemu\u017e tam tato doposud sch\u00e1z\u00ed. Pro\u010d si tam takovou sprchu po\u0159izovat? Pokud pamatujete horka, je\u017e tu panovala je\u0161t\u011b i p\u0159ed nemnoha dny, jist\u011b zn\u00e1te odpov\u011b\u010f. \u010clov\u011bk si ji tam postav\u00ed na n\u011bjak\u00fd ten zpevn\u011bn\u00fd kousek zem\u011b na slunci, p\u0159ipoj\u00ed ji ke vhodn\u00e9mu zdroji vody a pak u\u017e si m\u016f\u017ee u\u017e\u00edvat. Takov\u00e1 sol\u00e1rn\u00ed sprcha p\u0159enosn\u00e1 chlorito.cz mu toti\u017e prok\u00e1\u017ee nejednou v\u00edce ne\u017e u\u017eite\u010dnou slu\u017ebu. \u010clov\u011bk se pod n\u00ed m\u016f\u017ee osv\u011b\u017eit, kdykoliv je u\u017e okoln\u00ed teplota nad jeho s\u00edly.  Lze se pod n\u00ed om\u00fdt po dejme tomu zahradnick\u00fdch prac\u00edch, kdy by si \u010dlov\u011bk jen nerad nanosil \u0161p\u00ednu a\u017e do koupelny.  Lze se pod n\u00ed om\u00fdt p\u0159ed vstupem do baz\u00e9nu a t\u00edm eliminovat zne\u010di\u0161t\u011bn\u00ed vody v n\u011bm.  A pak pod n\u00ed ze sebe \u010dlov\u011bk pro zm\u011bnu spl\u00e1chne chl\u00f3rovanou baz\u00e9novou vodu, je\u017e m\u016f\u017ee i dost nep\u0159\u00edjemn\u011b vysu\u0161ovat poko\u017eku.   Tak\u017ee mi jist\u011b d\u00e1te za pravdu, \u017ee se takov\u00e1to sprcha na vlastn\u00edm pozemku vyplat\u00ed. M\u016f\u017ee b\u00fdt v\u011bru prosp\u011b\u0161n\u00e1. A tak\u00e9 p\u0159\u00edjemn\u00e1, proto\u017ee v n\u00ed \u010dlov\u011bku oh\u0159ej\u00ed vodu slune\u010dn\u00ed paprsky, je\u017e h\u0159ej\u00ed jak zn\u00e1mo zadarmo a sou\u010dasn\u011b jsou i ekologick\u00e9. A postavit si tam takovou sol\u00e1rn\u00ed sprchu nen\u00ed \u017e\u00e1dn\u00fd probl\u00e9m. V koupen\u00e9 sad\u011b je toti\u017e v\u0161e, co k t\u00e9to n\u00e1le\u017e\u00ed, a mont\u00e1\u017e nen\u00ed v\u016fbec slo\u017eit\u00e1. Stejn\u011b jako demont\u00e1\u017e ve chv\u00edli, kdy n\u00e1m d\u00e1v\u00e1 l\u00e9to vale a ji je tak t\u0159eba n\u011bkam ulo\u017eit, aby p\u0159e\u010dkala chladn\u011bj\u0161\u00ed obdob\u00ed a byla po ruce na dal\u0161\u00ed sez\u00f3nu. A nalezen\u00ed ide\u00e1ln\u00edho m\u00edsta pro ni tak\u00e9 nen\u00ed logicky \u017e\u00e1dn\u00fd probl\u00e9m, stejn\u011b jako jej\u00ed p\u0159\u00edpadn\u00e9 p\u0159em\u00eds\u0165ov\u00e1n\u00ed po pozemku sem a tam, kde je j\u00ed zrovna zapot\u0159eb\u00ed. A pokud ji \u010dlov\u011bk m\u00e1, nejednou se na chat\u011b obejde i bez koupelny. Kterou p\u0159ece nebude stav\u011bt jenom proto, aby se tam v l\u00e9t\u011b ob\u010das o v\u00edkendu o\u0161plouchnul.                                                                                                                                                                                                                                                                                                                                                                                          4.2\/5 - (11 votes)        "},{"@context":"https:\/\/schema.org\/","@type":"BreadcrumbList","itemListElement":[{"@type":"ListItem","position":1,"name":"V l\u00e9t\u011b p\u0159ijde sprcha vhod","item":"https:\/\/www.abiti.cz\/v-lete-prijde-sprcha-vhod\/#breadcrumbitem"}]}]